{"id":971,"date":"2016-06-19T06:01:20","date_gmt":"2016-06-19T06:01:20","guid":{"rendered":"http:\/\/www.oulucomics.com\/keskus\/?p=971"},"modified":"2016-06-19T06:01:20","modified_gmt":"2016-06-19T06:01:20","slug":"tulossa-kesalla-uutuuksia","status":"publish","type":"post","link":"https:\/\/www.oulucomics.com\/fi\/2016\/06\/19\/tulossa-kesalla-uutuuksia\/","title":{"rendered":"Tulossa kes\u00e4ll\u00e4&#8230; Arktiselta Banaanilta kolmen oululaisen tekij\u00e4n uutuuksia"},"content":{"rendered":"<p>Arktinen Banaani julkaisee kes\u00e4n 2016 aikana uutuusteoksia kolmelta oululaiselta sarjakuvantekij\u00e4lt\u00e4.<\/p>\n<h2>Uusi Sarjakuvantekij\u00e4n oppikirja<\/h2>\n<p><span style=\"color: #000000;\">Teos on <strong>Ilpo Koskelan<\/strong>\u00a0laatima katsaus sarjakuvien tekemisen kiehtovaan maailmaan. T\u00e4m\u00e4 teos on suurelta osin uusi versio perustuen vuonna 2010 julkaistuun ja nyt jo loppuunmyytyyn, saman tekij\u00e4n sarjakuvaoppikirjaan.\u00a0<\/span><br style=\"color: #000000;\" \/><br style=\"color: #000000;\" \/><span style=\"color: #000000;\">Uudessa sarjakuvantekij\u00e4n oppikirjassa perehdyt\u00e4\u00e4n tehokkaasti perusasioihin aina ideoinnista ja k\u00e4sikirjoittamisesta sarjakuvan suunnitteluun, luonnosteluun, piirt\u00e4miseen ja v\u00e4ritt\u00e4miseen \u2013 tietotekniikkaa unohtamatta. Lis\u00e4ksi kirjassa esitell\u00e4\u00e4n uusia, kehittyneit\u00e4 ty\u00f6tapoja ja kerrotaan tekij\u00e4noikeuksista, kustantamisesta ja markkinoinnista. Opas sis\u00e4lt\u00e4\u00e4 harjoitusteht\u00e4vi\u00e4.\u00a0<\/span> <a href=\"http:\/\/arktinenbanaani.fi\/tuote\/ilpo_koskela\/uusi_sarjakuvantekijan_oppikirja\/9789522702296\" target=\"_blank\">http:\/\/arktinenbanaani.fi\/tuote\/ilpo_koskela\/uusi_sarjakuvantekijan_oppikirja\/9789522702296<\/a><\/p>\n<h2>Harmaa susi<\/h2>\n<p>Oululaisen Aapo Kukolta ilmestyy teos, jossa seikkailee Valpon ylietsiv\u00e4 V\u00e4in\u00f6 Mujunen. Mujunen on kirjailija <strong>Tapani Baggen<\/strong> kehitt\u00e4m\u00e4 hahmo. Mujusen vaiheita 1930- ja 1940-lukujen Suomessa on kuvattu Baggen historiallisessa &#8220;v\u00e4risarjassa&#8221; Valkoinen hehku, Sininen aave, Musta py\u00f6rre ja Punainen varjo. Harmaa susi on Mujusen ensimm\u00e4inen sarjakuvamuotoinen seikkailu. <span style=\"color: #000000;\">Hein\u00e4kuussa 1943 p\u00e4\u00e4majan valvontaosasto l\u00e4hett\u00e4\u00e4 luutnantti Mujusen salaiseen sukellusveneoperaatioon Viron rannikolle. Elet\u00e4\u00e4n toisen maailmansodan ratkaisun hetki\u00e4. Vain harvalla on tietoa siit\u00e4, mit\u00e4 l\u00e4himpin\u00e4 kuukausina tulee tapahtumaan. Sukellusveneen miehist\u00f6 alkaa tapella kesken\u00e4\u00e4n jo l\u00e4ht\u00f6laiturilla. Tilanteen vakauttaa aluksen p\u00e4\u00e4llikk\u00f6, kapteeniluutnantti Ulf Larsson, joka tunnetaan lempinimell\u00e4 Harmaa susi. Lyhyeen merimatkaan mahtuu runsaasti uhkaa&#8230;\u00a0<\/span> <a href=\"http:\/\/arktinenbanaani.fi\/tuote\/tapani_bagge\/harmaa_susi\/9789522702913\" target=\"_blank\">http:\/\/arktinenbanaani.fi\/tuote\/tapani_bagge\/harmaa_susi\/9789522702913<\/a><\/p>\n<h2>Keijo Teuras<\/h2>\n<p><span style=\"color: #000000;\">Veli-Matti \u00dcral on oululainen kasvatustieteiden opiskelija sek\u00e4 sarjakuvataiteilija. T\u00e4m\u00e4n lis\u00e4ksi h\u00e4n on Oulun sarjakuvaseuran hallituksen varapuheenjohtaja. <\/span> <span style=\"color: #000000;\">\u00dcralin luoma<\/span>\u00a0Keijo Teuras on agentti, mafioso ja mestarivakooja. H\u00e4n on kasvattajansa Pomo Pepperonin k\u00e4skyl\u00e4inen. Yhdess\u00e4 Pomo ja Keijo, is\u00e4 ja poika, joutuvat mit\u00e4 hulvattomimpiin kommelluksiin lukuisten arkkivihollisten, Ven\u00e4j\u00e4n ahdasmielisen hallituksen ja Pomon pahenevan alkoholismin kanssa. Hahmojen psyyke on kortilla, kun Keijo ei kykene toteuttamaan Pomon kryptisi\u00e4 k\u00e4skyj\u00e4. <span style=\"color: #000000;\">Keijo Teuras on sarjakuva gangsterista, joka ep\u00e4onnistuu teht\u00e4viss\u00e4\u00e4n. Sarjakuvan hauskuus perustuu mustalle huumorille, sanaleikeille, v\u00e4\u00e4rink\u00e4sityksille ja poliittiselle satiirille.\u00a0<\/span> <a href=\"http:\/\/arktinenbanaani.fi\/tuote\/veli_matti\/keijo_teuras\/9789522702838\" target=\"_blank\">http:\/\/arktinenbanaani.fi\/tuote\/veli_matti\/keijo_teuras\/9789522702838<\/a> Tekij\u00e4t ovat paikalla Oulun Muusajuhlien Sarjakuvailtap\u00e4iv\u00e4ss\u00e4 11.8.2016. <a href=\"http:\/\/www.huutomerkki.fi\/muusajuhlat\/2016\/ohjelma\/11-8-torstai\/\" target=\"_blank\">http:\/\/www.huutomerkki.fi\/muusajuhlat\/2016\/ohjelma\/11-8-torstai\/<\/a><\/p>\n","protected":false},"excerpt":{"rendered":"<p>&#8230;<\/p>\n","protected":false},"author":1,"featured_media":972,"comment_status":"closed","ping_status":"closed","sticky":false,"template":"","format":"standard","meta":{"footnotes":""},"categories":[1],"tags":[],"class_list":["post-971","post","type-post","status-publish","format-standard","has-post-thumbnail","hentry","category-yleinen"],"_links":{"self":[{"href":"https:\/\/www.oulucomics.com\/fi\/wp-json\/wp\/v2\/posts\/971","targetHints":{"allow":["GET"]}}],"collection":[{"href":"https:\/\/www.oulucomics.com\/fi\/wp-json\/wp\/v2\/posts"}],"about":[{"href":"https:\/\/www.oulucomics.com\/fi\/wp-json\/wp\/v2\/types\/post"}],"author":[{"embeddable":true,"href":"https:\/\/www.oulucomics.com\/fi\/wp-json\/wp\/v2\/users\/1"}],"replies":[{"embeddable":true,"href":"https:\/\/www.oulucomics.com\/fi\/wp-json\/wp\/v2\/comments?post=971"}],"version-history":[{"count":0,"href":"https:\/\/www.oulucomics.com\/fi\/wp-json\/wp\/v2\/posts\/971\/revisions"}],"wp:featuredmedia":[{"embeddable":true,"href":"https:\/\/www.oulucomics.com\/fi\/wp-json\/"}],"wp:attachment":[{"href":"https:\/\/www.oulucomics.com\/fi\/wp-json\/wp\/v2\/media?parent=971"}],"wp:term":[{"taxonomy":"category","embeddable":true,"href":"https:\/\/www.oulucomics.com\/fi\/wp-json\/wp\/v2\/categories?post=971"},{"taxonomy":"post_tag","embeddable":true,"href":"https:\/\/www.oulucomics.com\/fi\/wp-json\/wp\/v2\/tags?post=971"}],"curies":[{"name":"wp","href":"https:\/\/api.w.org\/{rel}","templated":true}]}}