{"id":707,"date":"2015-09-24T11:00:15","date_gmt":"2015-09-24T11:00:15","guid":{"rendered":"http:\/\/www.oulucomics.com\/keskus\/?p=707"},"modified":"2015-09-24T11:00:15","modified_gmt":"2015-09-24T11:00:15","slug":"sarjakuvagalleria-mukana-lokakuun-kiertelematta-nayttelyopastuksessa-valveella","status":"publish","type":"post","link":"https:\/\/www.oulucomics.com\/fi\/2015\/09\/24\/sarjakuvagalleria-mukana-lokakuun-kiertelematta-nayttelyopastuksessa-valveella\/","title":{"rendered":"Sarjakuvagalleria! mukana lokakuun KIERTELEM\u00c4TT\u00c4-n\u00e4yttelyopastuksessa Valveella"},"content":{"rendered":"<p>Torstaina 1.10. on mahdollisuus osallistua KIERTELEM\u00c4TT\u00c4-n\u00e4yttelyopastukseen, joka kuljettaa taiteen yst\u00e4vi\u00e4 niin Sarjakuvagalleria!:n luo kuin Valvegalleriaan Etel\u00e4-Karjalan Taiteilijaseuran n\u00e4yttelyyn. KIERTELEM\u00c4TT\u00c4 tapahtuu joka kuun ensimm\u00e4inen torstai vaihtuvin aihein.<\/p>\n<p>Tapahtuma alkaa kello 17.00 kokoontumisella Valveen aulassa. Tilaisuuteen on vapaa p\u00e4\u00e4sy.<\/p>\n<p>Sarjakuvagalleria!:ssa on n\u00e4ht\u00e4viss\u00e4 Lauri Ahtisen Ihmisen j\u00e4lkeen -valokuvasarja. Ahtinen (s.1983) on maalaava, kuvaava ja kirjoittava sarjakuvataiteilija Oulusta. N\u00e4yttelyyn tutustutaan h\u00e4nen johdollaan. Ohessa tekij\u00e4n mietteit\u00e4 n\u00e4yttelyn synnyst\u00e4:<\/p>\n<p><em>\u00a0\u201dKatselin kerrostalokotini ikkunasta ulos ennen s\u00e4lekaihdinten sulkemista, hein\u00e4kuinen Tuira oli kietonut kaiken hetkeksi l\u00e4mpim\u00e4\u00e4n utuun, aurinko oli laskenut. N\u00e4in talonyhti\u00f6n pihalla, ihmisen rakentamissa kulisseissa, valtavan lokkien muodostaman yhdyskunnan, joka n\u00e4ytti nauttivan y\u00f6n rauhasta; pyr\u00e4hdellen, toisiaan h\u00e4rn\u00e4ten ja ihmiskunnan j\u00e4tteill\u00e4 leikkien. Silloin mieleeni syntyi vahva kuva, graafinen lause tai ajatus siit\u00e4, milt\u00e4 maailma n\u00e4ytt\u00e4isi ihmisen j\u00e4lkeen.\u201d<\/em><\/p>\n<p>Lis\u00e4tietoja lokakuun n\u00e4yttelyopastuksesta:<\/p>\n<p>Taija Jyrk\u00e4s, koordinaattori, Oulun Sarjakuvakeskus<br \/>\ntaija@oulucomics.com<br \/>\n040-7581774<\/p>\n<p>Tervetuloa!<\/p>\n<p>P.S.<\/p>\n<p>Lokakuun n\u00e4yttelyopastuksen yhteydess\u00e4 on mahdollisuus piipahtaa ARTtilaan Taide etsii kotia &#8211; Oulun Taiteilijaseuran taidemyyntitapahtumaan (30.9.\u20133.10.). Viiden p\u00e4iv\u00e4n ajan Taidelainaamo- ja myym\u00e4l\u00e4 ARTon ja ARTtilan sein\u00e4t t\u00e4yttyv\u00e4t lattiasta kattoon Oulun seudun, Pohjois-Pohjanmaan ja Kainuun taiteilijoiden teoksista. Tervetuloa ostoksille tai vaikka vain katselemaan! Lis\u00e4tietoja:<span style=\"color: #0000ff;\">\u00a0www.facebook.com\/events\/164810997188702\/<\/span><\/p>\n","protected":false},"excerpt":{"rendered":"<p>&#8230;<\/p>\n","protected":false},"author":1,"featured_media":0,"comment_status":"closed","ping_status":"closed","sticky":false,"template":"","format":"standard","meta":{"footnotes":""},"categories":[1],"tags":[],"class_list":["post-707","post","type-post","status-publish","format-standard","hentry","category-yleinen"],"_links":{"self":[{"href":"https:\/\/www.oulucomics.com\/fi\/wp-json\/wp\/v2\/posts\/707","targetHints":{"allow":["GET"]}}],"collection":[{"href":"https:\/\/www.oulucomics.com\/fi\/wp-json\/wp\/v2\/posts"}],"about":[{"href":"https:\/\/www.oulucomics.com\/fi\/wp-json\/wp\/v2\/types\/post"}],"author":[{"embeddable":true,"href":"https:\/\/www.oulucomics.com\/fi\/wp-json\/wp\/v2\/users\/1"}],"replies":[{"embeddable":true,"href":"https:\/\/www.oulucomics.com\/fi\/wp-json\/wp\/v2\/comments?post=707"}],"version-history":[{"count":0,"href":"https:\/\/www.oulucomics.com\/fi\/wp-json\/wp\/v2\/posts\/707\/revisions"}],"wp:attachment":[{"href":"https:\/\/www.oulucomics.com\/fi\/wp-json\/wp\/v2\/media?parent=707"}],"wp:term":[{"taxonomy":"category","embeddable":true,"href":"https:\/\/www.oulucomics.com\/fi\/wp-json\/wp\/v2\/categories?post=707"},{"taxonomy":"post_tag","embeddable":true,"href":"https:\/\/www.oulucomics.com\/fi\/wp-json\/wp\/v2\/tags?post=707"}],"curies":[{"name":"wp","href":"https:\/\/api.w.org\/{rel}","templated":true}]}}