{"id":481,"date":"2015-01-08T10:51:52","date_gmt":"2015-01-08T10:51:52","guid":{"rendered":"http:\/\/www.oulucomics.com\/keskus\/?p=481"},"modified":"2015-01-08T10:51:52","modified_gmt":"2015-01-08T10:51:52","slug":"oulun-sarjakuvakeskuksen-2-vuosi-alkaa","status":"publish","type":"post","link":"https:\/\/www.oulucomics.com\/fi\/2015\/01\/08\/oulun-sarjakuvakeskuksen-2-vuosi-alkaa\/","title":{"rendered":"Oulun Sarjakuvakeskuksen 2. vuosi alkaa"},"content":{"rendered":"<p>Vuoden ik\u00e4\u00e4n ehtineen Oulun Sarjakuvakeskuksen ovet avautuivat j\u00e4lleen loppiaisen j\u00e4lkeen ja heti ensimm\u00e4isen\u00e4 p\u00e4iv\u00e4n\u00e4 kalusteet vaihtoivat paikkaansa. T\u00e4m\u00e4n p\u00e4iv\u00e4n urakkana on laajentuneen sarjakuvakirjaston j\u00e4rjest\u00e4minen. Keskus on auki tiistaista torstaihin kello 11-19. Tervetuloa!<\/p>\n<p>Oulun sarjakuvatapaaminen j\u00e4rjestet\u00e4\u00e4n t\u00e4n\u00e4\u00e4n 8.1. uudessa paikassa Snooker Timess\u00e4, Asemakatu 28. Joka kuun ensimm\u00e4isen\u00e4 torstaina j\u00e4rjestett\u00e4v\u00e4t\u00a0tapaamiset siirtyv\u00e4t Snookeriin ainakin t\u00e4m\u00e4n vuoden ajaksi. Tapaamiset alkavat kello 18:55.<\/p>\n<p><strong>Keskuksen porukan alkuvuoden ajatuksia:<\/strong><\/p>\n<p>&#8220;Edellinen vuosi oli aika haipakkaa. T\u00e4n\u00e4 vuonna tulemme keskittym\u00e4\u00e4n Oulun Sarjakuvakeskuksen toiminnan vakiinnuttamiseen.&#8221;<br \/>\n<em>&#8211; Harri, Toiminnanjohtaja<\/em><\/p>\n<p>&#8220;Viime vuosi meni hurjassa nousukiidossa. Nyt onkin hyv\u00e4 lennell\u00e4 kansainv\u00e4lisess\u00e4 ilmatilassa, siin\u00e4 miss\u00e4 Airlinkin lentokoneetkin.&#8221;<br \/>\n<em>&#8211; Tarja, Koordinaattori<\/em><\/p>\n<p>&#8220;<span class=\"_5yl5\" data-reactid=\".7c.$mid=11420713728270=249a165770d78b6de34.2:0.0.0.0.0\">Mennyt vuosi oli uuden aloittamista. Tuleva on my\u00f6s uutta, jo opittujen rajojen ylitt\u00e4mist\u00e4.<\/span>&#8221;<br \/>\n<em>&#8211; Reijo, Kustannustoimittaja<\/em><\/p>\n<p>&#8220;Kiireinen syystalvi takana. Uusi vuosi tuo uudet kujeet sarjakuvakeskukseen.&#8221;<br \/>\n<em>&#8211; Markku, keskusvastaava<\/em><\/p>\n","protected":false},"excerpt":{"rendered":"<p>&#8230;<\/p>\n","protected":false},"author":1,"featured_media":0,"comment_status":"closed","ping_status":"closed","sticky":false,"template":"","format":"standard","meta":{"footnotes":""},"categories":[1],"tags":[],"class_list":["post-481","post","type-post","status-publish","format-standard","hentry","category-yleinen"],"_links":{"self":[{"href":"https:\/\/www.oulucomics.com\/fi\/wp-json\/wp\/v2\/posts\/481","targetHints":{"allow":["GET"]}}],"collection":[{"href":"https:\/\/www.oulucomics.com\/fi\/wp-json\/wp\/v2\/posts"}],"about":[{"href":"https:\/\/www.oulucomics.com\/fi\/wp-json\/wp\/v2\/types\/post"}],"author":[{"embeddable":true,"href":"https:\/\/www.oulucomics.com\/fi\/wp-json\/wp\/v2\/users\/1"}],"replies":[{"embeddable":true,"href":"https:\/\/www.oulucomics.com\/fi\/wp-json\/wp\/v2\/comments?post=481"}],"version-history":[{"count":0,"href":"https:\/\/www.oulucomics.com\/fi\/wp-json\/wp\/v2\/posts\/481\/revisions"}],"wp:attachment":[{"href":"https:\/\/www.oulucomics.com\/fi\/wp-json\/wp\/v2\/media?parent=481"}],"wp:term":[{"taxonomy":"category","embeddable":true,"href":"https:\/\/www.oulucomics.com\/fi\/wp-json\/wp\/v2\/categories?post=481"},{"taxonomy":"post_tag","embeddable":true,"href":"https:\/\/www.oulucomics.com\/fi\/wp-json\/wp\/v2\/tags?post=481"}],"curies":[{"name":"wp","href":"https:\/\/api.w.org\/{rel}","templated":true}]}}