{"id":1859,"date":"2014-02-06T11:52:18","date_gmt":"2014-02-06T11:52:18","guid":{"rendered":"http:\/\/www.oulucomics.com\/keskus\/?p=123"},"modified":"2014-02-06T11:52:18","modified_gmt":"2014-02-06T11:52:18","slug":"dagen-efter","status":"publish","type":"post","link":"https:\/\/www.oulucomics.com\/fi\/2014\/02\/06\/dagen-efter\/","title":{"rendered":"Dagen Efter"},"content":{"rendered":"<p>Huomenna on Sarjakuvagallerian! toisen n\u00e4yttelyn avajaisten j\u00e4lkeinen p\u00e4iv\u00e4. Uuden gallerian ensimm\u00e4inen n\u00e4yttely, <em>Kuun kotimaisia Oulun seudulta<\/em>, p\u00e4\u00e4ttyi eilen.<\/p>\n<p><a href=\"http:\/\/www.oulucomics.com\/keskus\/wp-content\/uploads\/2014\/02\/DSC05076.jpg\"><img loading=\"lazy\" decoding=\"async\" class=\"alignnone size-medium wp-image-122\" alt=\"DSC05076\" src=\"http:\/\/www.oulucomics.com\/keskus\/wp-content\/uploads\/2014\/02\/DSC05076-199x300.jpg\" width=\"199\" height=\"300\" \/><\/a><\/p>\n<p><em>Dagen Efter<\/em> on vaihton\u00e4yttely Turun Sarjakuvakerholta. Tuorein kerhon julkaisema antologia kulkee samalla nimell\u00e4 ja n\u00e4yttely koostuu kokoomateoksen sarjakuvista ja niiden originaaleista. Esill\u00e4 on kaikkien nelj\u00e4ntoista antologiaan osallistuneen t\u00f6it\u00e4.<\/p>\n<p>Turun antologian teht\u00e4v\u00e4nantoa innoitti maya-kalenterin loppuminen ja enteilty maailmanloppu. &#8220;Seuraava p\u00e4iv\u00e4&#8221; vaatii edellisen p\u00e4iv\u00e4n m\u00e4\u00e4rittelemisen. Antologia ja n\u00e4yttely tarjoavat vaihtoehdoiksi maailmanlopun lis\u00e4ksi muun muassa kuuriaa ja reipasta edellisiltaista juhlintaa.<\/p>\n<p>Dagen Efter -antologiaa on myynniss\u00e4 sarjakuvakeskuksella.<\/p>\n<p>N\u00e4yttely avoinna 7.2.-5.3.2014 klo 10-20, avajaiset t\u00e4n\u00e4\u00e4n klo 18:30.<\/p>\n<p>Tervetuloa!<\/p>\n","protected":false},"excerpt":{"rendered":"<p>&#8230;<\/p>\n","protected":false},"author":1,"featured_media":0,"comment_status":"open","ping_status":"open","sticky":false,"template":"","format":"standard","meta":{"footnotes":""},"categories":[1],"tags":[4],"class_list":["post-1859","post","type-post","status-publish","format-standard","hentry","category-yleinen","tag-sarjakuvagalleria"],"_links":{"self":[{"href":"https:\/\/www.oulucomics.com\/fi\/wp-json\/wp\/v2\/posts\/1859","targetHints":{"allow":["GET"]}}],"collection":[{"href":"https:\/\/www.oulucomics.com\/fi\/wp-json\/wp\/v2\/posts"}],"about":[{"href":"https:\/\/www.oulucomics.com\/fi\/wp-json\/wp\/v2\/types\/post"}],"author":[{"embeddable":true,"href":"https:\/\/www.oulucomics.com\/fi\/wp-json\/wp\/v2\/users\/1"}],"replies":[{"embeddable":true,"href":"https:\/\/www.oulucomics.com\/fi\/wp-json\/wp\/v2\/comments?post=1859"}],"version-history":[{"count":0,"href":"https:\/\/www.oulucomics.com\/fi\/wp-json\/wp\/v2\/posts\/1859\/revisions"}],"wp:attachment":[{"href":"https:\/\/www.oulucomics.com\/fi\/wp-json\/wp\/v2\/media?parent=1859"}],"wp:term":[{"taxonomy":"category","embeddable":true,"href":"https:\/\/www.oulucomics.com\/fi\/wp-json\/wp\/v2\/categories?post=1859"},{"taxonomy":"post_tag","embeddable":true,"href":"https:\/\/www.oulucomics.com\/fi\/wp-json\/wp\/v2\/tags?post=1859"}],"curies":[{"name":"wp","href":"https:\/\/api.w.org\/{rel}","templated":true}]}}