{"id":1858,"date":"2014-01-15T10:01:22","date_gmt":"2014-01-15T10:01:22","guid":{"rendered":"http:\/\/www.oulucomics.com\/keskus\/?p=94"},"modified":"2014-01-15T10:01:22","modified_gmt":"2014-01-15T10:01:22","slug":"avajais-ja-arkihulinaa","status":"publish","type":"post","link":"https:\/\/www.oulucomics.com\/fi\/2014\/01\/15\/avajais-ja-arkihulinaa\/","title":{"rendered":"Avajais- ja arkihulinaa"},"content":{"rendered":"<p>Oulun Sarjakuvakeskuksen avajaisjuhlallisuuksia vietettiin Kulttuuritalo Valveella lauantaina 11. 1. Silkkinauhoja tilaisuudessa ei tietenk\u00e4\u00e4n leikelty poikki, vaan avausseremoniassa saksien v\u00e4liin p\u00e4\u00e4si piirt\u00e4j\u00e4n arvolle paremmin sopiva jykev\u00e4 paperisuikale. V\u00e4ke\u00e4 saapui paikalle tungokseksi asti, ja tarjolla oli niin paljon ohjelmaa, ett\u00e4 yksi jos toinenkin avajaisvieras ilmoitti palaavansa tutustumaan n\u00e4yttelyihin uudestaan tuonnempana. Piipahtakaapa samalla kyl\u00e4ss\u00e4 keskuksella, pistet\u00e4\u00e4n kaffepannu t\u00f6ihin.<\/p>\n<p><a href=\"http:\/\/www.oulucomics.com\/keskus\/wp-content\/uploads\/2014\/01\/keskus_avaus1_2.jpg\"><img loading=\"lazy\" decoding=\"async\" class=\"alignnone size-medium wp-image-109\" alt=\"keskus_avaus1_2\" src=\"http:\/\/www.oulucomics.com\/keskus\/wp-content\/uploads\/2014\/01\/keskus_avaus1_2-300x300.jpg\" width=\"300\" height=\"300\" \/><\/a><\/p>\n<p>Harri Filppa julistaa Oulun Sarjakuvakeskuksen avatuksi. Kuva: Anssi Vieruaho<\/p>\n<p>Koko p\u00e4iv\u00e4n k\u00e4ynniss\u00e4 olleissa ty\u00f6pajoissa Sarjakuvagalleria!:n lattiaan ilmestyi kaikenmoisia s\u00e4hk\u00f6teippiotuksia. T\u00e4t\u00e4 tilataidetta kannattaa tulla katsomaan paikan p\u00e4\u00e4lle ennen kuin aika ajaa ohi liimapinnoista. Keskustelutilaisuudessa puhuttiin Oulun, Kemin, Helsingin ja Turun sarjakuvaskenen nykytilasta ja tulevaisuudesta. Yhteisty\u00f6kuvioita viriteltiin ja ideoita vaihdettiin. En\u00e4\u00e4 ei voi puhua sarjakuvabuumista, sill\u00e4 sarjakuva n\u00e4ytt\u00e4\u00e4 vakiinnuttaneen olemassaolonsa visuaalisen taiteen, taiteen opetuksen, kirjallisuuden ja kirjallisuuden tutkimuksen kentill\u00e4.<\/p>\n<p><a href=\"http:\/\/www.oulucomics.com\/keskus\/wp-content\/uploads\/2014\/01\/Piirroskonsertti1.jpg\"><img loading=\"lazy\" decoding=\"async\" class=\"alignnone size-medium wp-image-102\" alt=\"Piirroskonsertti\" src=\"http:\/\/www.oulucomics.com\/keskus\/wp-content\/uploads\/2014\/01\/Piirroskonsertti1-300x199.jpg\" width=\"300\" height=\"199\" \/><\/a><br \/>\nSoiva Siili soi, Ville Ranta kuvittaa. Kuva: Reijo Valta<\/p>\n<p>Soivan Siilin konsertissa esiintyneiden piirt\u00e4jien laulukuvitusoriginaalit arvottiin virallisen taiteilijan valvovan silm\u00e4n alla. Maailmalle l\u00e4hti mm. Anna Honkasen lahna, Ville Rannan kahvia ryyst\u00e4v\u00e4 Ruuneperi ja kaikkien piirt\u00e4jien yhteisty\u00f6ss\u00e4 syntynyt M\u00f6k\u00f6peikko. Voittajille on ilmoitettu henkil\u00f6kohtaisesti, onnittelut heille viel\u00e4 kerran. Avajaisarpajaisten koko tuotto k\u00e4ytet\u00e4\u00e4n Sarjakuvakeskuksen lukukappalekirjaston laajentamiseen. Hankimme sinne paikallisten tekij\u00f6iden sarjakuvatuotantoa, joten kiitos kaikille arvontaan osallistuneille kulttuurin tukemisesta.<\/p>\n<p>Kaikki Valveen galleriatilat t\u00e4yttyiv\u00e4t hyv\u00e4ntuulisista sarjakuvan yst\u00e4vist\u00e4. Muuntuipa galleria illan mittaan my\u00f6s Soivan Siilin tahtiin jyt\u00e4\u00e4v\u00e4ksi diskoksi.<\/p>\n<p>Oulun Sarjakuvakeskuksen perustamisella on tehty historiaa. Juhlavan alun j\u00e4lkeen arki on alkanut, ja tulevaisuutta varten keskuksen v\u00e4ell\u00e4 on monta suunnitelmaa ty\u00f6p\u00f6yd\u00e4ll\u00e4\u00e4n ja takataskussaan.<\/p>\n<p><a href=\"http:\/\/www.youtube.com\/watch?v=GqaaeyOLtt8\">Pikapyr\u00e4hdys Ruutukaavan tekij\u00f6iden n\u00e4yttelyyn<\/a> Reijo Vallan blogissa!<\/p>\n","protected":false},"excerpt":{"rendered":"<p>&#8230;<\/p>\n","protected":false},"author":1,"featured_media":0,"comment_status":"open","ping_status":"open","sticky":false,"template":"","format":"standard","meta":{"footnotes":""},"categories":[1],"tags":[],"class_list":["post-1858","post","type-post","status-publish","format-standard","hentry","category-yleinen"],"_links":{"self":[{"href":"https:\/\/www.oulucomics.com\/fi\/wp-json\/wp\/v2\/posts\/1858","targetHints":{"allow":["GET"]}}],"collection":[{"href":"https:\/\/www.oulucomics.com\/fi\/wp-json\/wp\/v2\/posts"}],"about":[{"href":"https:\/\/www.oulucomics.com\/fi\/wp-json\/wp\/v2\/types\/post"}],"author":[{"embeddable":true,"href":"https:\/\/www.oulucomics.com\/fi\/wp-json\/wp\/v2\/users\/1"}],"replies":[{"embeddable":true,"href":"https:\/\/www.oulucomics.com\/fi\/wp-json\/wp\/v2\/comments?post=1858"}],"version-history":[{"count":0,"href":"https:\/\/www.oulucomics.com\/fi\/wp-json\/wp\/v2\/posts\/1858\/revisions"}],"wp:attachment":[{"href":"https:\/\/www.oulucomics.com\/fi\/wp-json\/wp\/v2\/media?parent=1858"}],"wp:term":[{"taxonomy":"category","embeddable":true,"href":"https:\/\/www.oulucomics.com\/fi\/wp-json\/wp\/v2\/categories?post=1858"},{"taxonomy":"post_tag","embeddable":true,"href":"https:\/\/www.oulucomics.com\/fi\/wp-json\/wp\/v2\/tags?post=1858"}],"curies":[{"name":"wp","href":"https:\/\/api.w.org\/{rel}","templated":true}]}}