{"id":953,"date":"2016-05-31T10:12:12","date_gmt":"2016-05-31T10:12:12","guid":{"rendered":"http:\/\/www.oulucomics.com\/keskus\/?p=953"},"modified":"2016-05-31T10:12:12","modified_gmt":"2016-05-31T10:12:12","slug":"oulun-sarjakuvakeskuksen-kesa-ja-alkusyksy","status":"publish","type":"post","link":"https:\/\/www.oulucomics.com\/en_US\/2016\/05\/31\/oulun-sarjakuvakeskuksen-kesa-ja-alkusyksy\/","title":{"rendered":"Oulun Sarjakuvakeskuksen kes\u00e4 ja alkusyksy"},"content":{"rendered":"<h3>Sarjakuvagalleria!ssa kes\u00e4kuussa<\/h3>\n<p>Oulun Sarjakuvakeskuksen kes\u00e4 alkaa <strong>Merja Leppiluodon<\/strong> <strong>Pipii and The Bug<\/strong>\u00a0-n\u00e4yttelyll\u00e4 Sarjakuvagalleria!ssa. N\u00e4yttely on avoinna 4.6.-30.6.2016. Toivotamme kaikki tervetulleeksi n\u00e4yttelynavajaisiin 3.6. klo 18:00.<\/p>\n<p><a href=\"http:\/\/www.oulucomics.com\/keskus\/sarjakuvagalleria\/\">http:\/\/www.oulucomics.com\/keskus\/sarjakuvagalleria\/<\/a><\/p>\n<h3>Sarjakuvatapaaminen 2.6.2016<\/h3>\n<p>Kes\u00e4kuun sarjakuvatapaaminen j\u00e4rjestet\u00e4\u00e4n normaaliin tapaan Snooker Timess\u00e4 2.6.2016 klo 19:00.\u00a0<span style=\"color: #4b4f56;\">Tarinoinnin ja nautiskelun lis\u00e4ksi ohjelmassa luvassa j\u00e4lleen huippusuosittu sarjisvisa kansainv\u00e4lisell\u00e4 palkinnolla!<\/span><\/p>\n<p><a href=\"https:\/\/www.facebook.com\/events\/1708578312762897\/\">https:\/\/www.facebook.com\/events\/1708578312762897\/<\/a><\/p>\n<h3>Kummacon 17.-18.6.2016<\/h3>\n<p>Kummacon on 17.-18. kes\u00e4kuuta j\u00e4rjestett\u00e4v\u00e4 kirjallisuus- ja populaarikulttuuritapahtuma. Tapahtuma on p\u00e4\u00e4symaksuton, ik\u00e4rajaton ja p\u00e4ihteet\u00f6n luento- sek\u00e4 ty\u00f6pajamuotoinen con. Kummacon j\u00e4rjestet\u00e4\u00e4n Pohjankartanon tiloissa. Tapahtuman toteuttaa yhteisty\u00f6kumppaneiden avustuksella Studio Korppikela.<\/p>\n<p>Vuoden teemana on historia. Edustettuna ovat muun muassa l\u00e4nsimainen sek\u00e4 japanilainen sarjakuva, science fiction, pelit sek\u00e4 cosplay.<\/p>\n<p>Oulun Sarjakuvakeskus, Turun Sarjakuvakauppa ja\u00a0Pohjois-Suomen feministinen sarjakuvatoiminta osallistuvat Kummaconiin. Ohjelmassa on mm. Harri Filpan vet\u00e4m\u00e4 <strong>inspiraatiosta kuviksi -sarjakuvapaja<\/strong> ja <strong>Karoliina Korhosen<\/strong> haastattelu.<\/p>\n<p><a href=\"https:\/\/kummacon.wordpress.com\/\">https:\/\/kummacon.wordpress.com\/<\/a><\/p>\n<h3>Keskus ja kauppa suljettuna 24.6.-31.7.2016<\/h3>\n<p>Oulun Sarjakuvakeskus ja Turun Sarjakuvakaupan Oulun toimipiste ovat suljettuna 24.6.-31.7. Tulethan tekem\u00e4\u00e4n sarjakuvaostoksesi\u00a0kes\u00e4\u00e4 varten ja hoitamaan akuutit asiat jo ennen juhannusta!<\/p>\n<p>Elokuun alusta alkaen olemme j\u00e4lleen auki normaalien aukioloaikojen mukaisesti ti-to klo 11-19 ja la 12-16.<\/p>\n<h3>Sarjakuvapiknik 7.7.<\/h3>\n<p>Sarjakuvatapaaminen\u00a0pidet\u00e4\u00e4n 7.7.2016 j\u00e4lleen piknikin muodossa. T\u00e4n\u00e4 vuonna kokoonnutaan Toppilassa,<strong style=\"font-style: inherit;\">\u00a0H\u00e4ss\u00e4kk\u00e4-P\u00e4ivien aloitusklubin<\/strong>\u00a0yhteydess\u00e4. Tavataan\u00a0Teboilin takana sijaitsevalla nurmialueella klo 19:00. Mukaan kannattaa varata omia piknik-ev\u00e4it\u00e4.<\/p>\n<p>Noin klo 21:00 siirryt\u00e4\u00e4n porukalla legendaariseen Yk\u00e4n Pubiin seuraamaan loistavia esiintyji\u00e4.\u00a0<em>Tapahtuma j\u00e4rjestet\u00e4\u00e4n yhteisty\u00f6ss\u00e4 Paskakaupunni ry:n kanssa.\u00a0<\/em>Tervetuloa maastoutumaan Merimiehentie ykk\u00f6seen, Oulussa!<\/p>\n<p><a href=\"http:\/\/www.oulucomics.com\/keskus\/tapahtumat\/?event_id1=193\">http:\/\/www.oulucomics.com\/keskus\/tapahtumat\/?event_id1=193<\/a><\/p>\n<h3 class=\"p1\">Sarjakuvagalleria!n elokuu<\/h3>\n<p class=\"p1\"><b>Mattias Elftorp (Ruotsi) &#8211;\u00a0Vasta-aine \/ Antidope<br \/>\n<\/b><strong>1.-31.8.2016\u00a0<\/strong><br \/>\nElftorp on tavattavissa Oulun Sarjakuvakeskuksella Oulun Taiteiden Y\u00f6ss\u00e4 18.8.2016.<\/p>\n<p class=\"p1\"><a href=\"http:\/\/www.oulucomics.com\/keskus\/tapahtumat\/?event_id1=180\">http:\/\/www.oulucomics.com\/keskus\/tapahtumat\/?event_id1=180<\/a><\/p>\n<h3 class=\"p1\">Valvegalleriassa 1.8.-1.9.2016<\/h3>\n<p class=\"p1\"><b>Tommi Musturi &#8211; KAIKUA VASTAAN 2: Sarjakuvia, piirroksia ja liikkuvia\u00a0<\/b><strong>1.8.-1.9.2016\u00a0<\/strong><br \/>\nMusturi\u00a0on tavattavissa Oulun Sarjakuvakeskuksella\u00a0Oulun Muusajuhlien aikaan\u00a011.8.2016. Lis\u00e4tietoa Muusajuhlien sarjakuvap\u00e4iv\u00e4n esittelyss\u00e4.<\/p>\n<p class=\"p1\"><a href=\"http:\/\/www.oulucomics.com\/keskus\/tapahtumat\/?event_id1=176\">http:\/\/www.oulucomics.com\/keskus\/tapahtumat\/?event_id1=176<\/a><\/p>\n<h3 class=\"p1\">Sarjakuvaa asematunnelissa<\/h3>\n<p><strong>Harri Filppa &#8211; Olipa kerran kustavissa&#8230;<\/strong><br \/>\n<strong>8.8.-31.8.2016 &#8211; avoinna 24\/7<br \/>\n<\/strong>Oulun Asematunneli<\/p>\n<p>Sarjakuvantekij\u00e4 Harri Filppa ottaa Olipa kerran kustavissa&#8230; -sarjakuvateosten v\u00e4lityksell\u00e4 kantaa asemakaavoituksen kiemuroihin. N\u00e4yttely j\u00e4rjestet\u00e4\u00e4n yhteisty\u00f6ss\u00e4 Kulttuuribingon ja Oulun Sarjakuvakeskuksen kanssa.<\/p>\n<p class=\"p1\"><a href=\"http:\/\/www.oulucomics.com\/keskus\/tapahtumat\/?event_id1=185\">http:\/\/www.oulucomics.com\/keskus\/tapahtumat\/?event_id1=185<\/a><\/p>\n<h3 class=\"p1\"><strong>Pirinen Bingogalleriassa<\/strong><\/h3>\n<p class=\"p1\"><strong>Ville Pirisen sarjakuvan\u00e4yttely<\/strong><br \/>\n<strong>11.8.-26.8.2016<\/strong><br \/>\nBingogalleria<\/p>\n<p class=\"p1\"><span style=\"color: #1d2129;\">Puup\u00e4\u00e4-palkitun Ville Pirisen n\u00e4yttelynavajaisia vietet\u00e4\u00e4n\u00a0Bingogalleriassa\u00a010.8. klo19:00! Pirinen on vieraana my\u00f6s Oulun Muusajuhlilla. Seuraamalla Kulttuuribingon viestint\u00e4\u00e4 pysyt ajantasalla n\u00e4yttelyst\u00e4:\u00a0<a href=\"https:\/\/kulttuuribingo.wordpress.com\/\">https:\/\/kulttuuribingo.wordpress.com\/<\/a><\/span><\/p>\n<h3 class=\"p1\"><b>Muusajuhlien sarjakuvap\u00e4iv\u00e4 11.8.2016<\/b><\/h3>\n<p class=\"p1\"><span style=\"color: #1d2129;\">Poikkitaiteellinen sanataidefestivaali Oulun Muusajuhlat tuo Oulun seudulle j\u00e4lleen runoilijoita, kirjailijoita, muusikoita ja muita taiteilijoita eri puolilta Suomea. Ohjelmisto julkistetaan alkukes\u00e4st\u00e4, ja ohjelmatarjonnasta riitt\u00e4\u00e4 valinnanvaraa kaikenik\u00e4isille kirjallisuuden ja sanataiteen yst\u00e4ville.<\/span><\/p>\n<p class=\"p1\"><strong>11.8. klo 15<\/strong><br \/>\n<b><b>Turun Sarjakuvakaupan Oulun toimipiste t\u00e4ytt\u00e4\u00e4 yksi vuotta!<br \/>\n<\/b><\/b>Oulun Sarjakuvakeskuksella<\/p>\n<p class=\"p2\">Juhlistamme Turun Sarjakuvakaupan Oulun toimipisteen 1-vuotissyntt\u00e4reit\u00e4 kakku-, kahvi- ja muun aiheeseen liittyv\u00e4n tarjoilun merkeiss\u00e4.<\/p>\n<p class=\"p2\"><strong>11.8. klo 16-18<br \/>\n<\/strong><b>Sarjakuvailtap\u00e4iv\u00e4<br \/>\n<\/b>Oulun Sarjakuvakeskuksella<\/p>\n<p class=\"p2\">Sarjakuvailtap\u00e4iv\u00e4n ohjelmassa on haastatteluita, kirjaesittelyj\u00e4 ja signeerauksia. Paikalla mm. sarjakuvataiteilijat <b>Tommi Musturi<\/b>, <b>Aapo Kukko<\/b>, <b>Veli-Matti \u00dcral<\/b>, <b>Ilpo Koskela<\/b>, <b>Elina Lahdenper\u00e4<\/b> ja <b>Ville Pirinen<\/b>.<\/p>\n<p class=\"p2\">Signeerausaikataulu:<br \/>\n16:30\u00a0&#8211;\u00a0Aapo Kukko &amp; Elina Lahdenper\u00e4<br \/>\n17:00\u00a0&#8211; Ville Pirinen &amp; Veli-Matti \u00dcral<br \/>\n17:30 &#8211; Tommi Musturi &amp;\u00a0Ilpo Koskela<\/p>\n<p class=\"p2\"><strong>11.8. klo 19<\/strong><br \/>\n<strong>Asemakaavoitus kustavissa&#8230;\u00a0<\/strong><br \/>\nOulun asematunnelissa<\/p>\n<p class=\"p2\">Sarjakuvantekij\u00e4 Harri Filppa k\u00e4sittelee Olipa kerran kustavissa&#8230; -sarjakuvissaan asioita, jotka voivat menn\u00e4 pieleen.\u00a0Filppa esittelee asematunnelissa esill\u00e4 olevan n\u00e4yttelyns\u00e4, joka sis\u00e4lt\u00e4\u00e4 ajatuksia asemakaavoituksesta avaruuteen. Paikalla on my\u00f6s sarjakuvantekij\u00e4 Aapo Kukko esitt\u00e4m\u00e4ss\u00e4 tulkintojaan kaikenmaailman musiikista teemalla &#8220;Yhteiskuntapolitiikka kustavissa&#8230;&#8221;.<\/p>\n<p class=\"p2\"><strong>11.8. klo\u00a021 <\/strong><br \/>\n<strong>Sarjakuvamuusaklubi<\/strong><br \/>\nTuba \u2013 Food and Lounge. Mannenkatu 2, Oulu.<\/p>\n<p class=\"p2\">Sarjakuvataiteilijat Tommi Musturi, Ville Pirinen ja Harri Filppa esitt\u00e4ytyv\u00e4t ja kertovat tuotannoistaan sek\u00e4 paraikaa Oulussa esill\u00e4 olevista sarjakuvan\u00e4yttelyist\u00e4\u00e4n. Tommi Musturi on kansainv\u00e4lisesti palkitun Gl\u00f6mp -sarjakuva-antologian luoja, ja sarjakuvien lis\u00e4ksi Musturin kuva- ja taidekirjoja on julkaistu useissa Euroopan maissa sek\u00e4 Pohjois-Amerikassa. Ville Pirinen on Vuoden Puup\u00e4\u00e4hattu 2016 palkinnon saaja ja mm. Ornette Birks Makkonen -sarjakuvahahmon luoja. Harri Filppa on monipuolinen oululainen sarjakuvantekij\u00e4 ja -tutkija sek\u00e4 graafikko. Illan p\u00e4\u00e4tt\u00e4\u00e4 Ville Pirisen yhtye Combat School.<\/p>\n<p class=\"p2\"><strong>Lis\u00e4tietoa Muusajuhlien tapahtumista saat seuraamalla Muusajuhlien tiedotusta.<\/strong><\/p>\n<h3 class=\"p1\"><b>POP UP -kirjakauppa RUNOA<i>LUE, 9.-13.8.2016<\/i><\/b><\/h3>\n<p class=\"p1\">Avoinna Valveella 9.-13.8. ti-pe klo 11-19, la 11-17<\/p>\n<p class=\"p1\">Lue runo! Pop up -kirjakauppa RUNOA<i>LUE\u00a0<\/i>kokoaa yhteen lukuisten kustantajien teoksia Muusajuhlien ajaksi. Runokaupan valikoimasta l\u00f6yd\u00e4t Muusajuhlien esiintyjien teosten lis\u00e4ksi kiinnostavan kattauksen runoutta. Tervetuloa selailemaan, yll\u00e4ttym\u00e4\u00e4n, l\u00f6yt\u00e4m\u00e4\u00e4n!<\/p>\n<p class=\"p1\">Turun Sarjakuvakauppa on avoinna laajennetuilla aukioloajoilla pop up -runokaupan aikaan.\u00a0J\u00e4rj. Osuuskunta Poesia, Huutomerkki ry, Oulun sarjakuvakeskus.<\/p>\n<h3 class=\"p1\">Animeseminaari 13.8.2016<\/h3>\n<p style=\"color: #333333;\">Vuoden 2016 yksip\u00e4iv\u00e4inen Animeseminaari j\u00e4rjest\u00e4\u00e4n Kulttuuritalo Valveella lauantaina 13.8.2016 klo 10:00 alkaen. Teemanamme on\u00a0Rakkaudesta ruokaan, jonka innoittamia ohjelmia, pajoja, kisoja sek\u00e4 toimintaa on luvassa koko p\u00e4iv\u00e4n mitalta kaikenik\u00e4isille. Tapahtuma on ilmainen kaikille k\u00e4vij\u00f6ille! Tapahtuman j\u00e4rjest\u00e4\u00e4\u00a0Oulun manga- ja animekerho OMAKE ry.<\/p>\n<p><a href=\"https:\/\/animeseminaari.wordpress.com\/\">https:\/\/animeseminaari.wordpress.com\/<\/a><\/p>\n<h3 class=\"p1\"><b>Oulun Taiteiden Y\u00f6ss\u00e4 18.8.2016<\/b><\/h3>\n<p class=\"p1\"><b>OULUN SARJAKUVAKESKUS JA TURUN SARJAKUVAKAUPPA AVOINNA KLO 11-24<\/b><\/p>\n<p class=\"p1\">Oulun sarjakuvakeskuksella on koko p\u00e4iv\u00e4n ajan k\u00e4ynniss\u00e4 suosittu lattiateippauspaja.<\/p>\n<p class=\"p1\">Ruotsalainen <b>Mattias Elftorp<\/b> esittelee Sarjakuvagalleria!ssa esill\u00e4olevaa n\u00e4yttely\u00e4\u00e4n ja signeeraa teoksiaan keskuksen aukioloaikana.<\/p>\n<p class=\"p1\">Taiteiden y\u00f6n tapahtumista tiedotamme lis\u00e4\u00e4 loppukes\u00e4st\u00e4:\u00a0<a href=\"http:\/\/www.oulucomics.com\/keskus\/tapahtumat\/?event_id1=199\">http:\/\/www.oulucomics.com\/keskus\/tapahtumat\/?event_id1=199<\/a><\/p>\n","protected":false},"excerpt":{"rendered":"<p>&#8230;<\/p>\n","protected":false},"author":1,"featured_media":0,"comment_status":"closed","ping_status":"closed","sticky":false,"template":"","format":"standard","meta":{"footnotes":""},"categories":[1],"tags":[],"class_list":["post-953","post","type-post","status-publish","format-standard","hentry","category-yleinen"],"_links":{"self":[{"href":"https:\/\/www.oulucomics.com\/en_US\/wp-json\/wp\/v2\/posts\/953","targetHints":{"allow":["GET"]}}],"collection":[{"href":"https:\/\/www.oulucomics.com\/en_US\/wp-json\/wp\/v2\/posts"}],"about":[{"href":"https:\/\/www.oulucomics.com\/en_US\/wp-json\/wp\/v2\/types\/post"}],"author":[{"embeddable":true,"href":"https:\/\/www.oulucomics.com\/en_US\/wp-json\/wp\/v2\/users\/1"}],"replies":[{"embeddable":true,"href":"https:\/\/www.oulucomics.com\/en_US\/wp-json\/wp\/v2\/comments?post=953"}],"version-history":[{"count":0,"href":"https:\/\/www.oulucomics.com\/en_US\/wp-json\/wp\/v2\/posts\/953\/revisions"}],"wp:attachment":[{"href":"https:\/\/www.oulucomics.com\/en_US\/wp-json\/wp\/v2\/media?parent=953"}],"wp:term":[{"taxonomy":"category","embeddable":true,"href":"https:\/\/www.oulucomics.com\/en_US\/wp-json\/wp\/v2\/categories?post=953"},{"taxonomy":"post_tag","embeddable":true,"href":"https:\/\/www.oulucomics.com\/en_US\/wp-json\/wp\/v2\/tags?post=953"}],"curies":[{"name":"wp","href":"https:\/\/api.w.org\/{rel}","templated":true}]}}