{"id":650,"date":"2015-06-16T13:11:51","date_gmt":"2015-06-16T13:11:51","guid":{"rendered":"http:\/\/www.oulucomics.com\/keskus\/?p=650"},"modified":"2015-06-16T13:11:51","modified_gmt":"2015-06-16T13:11:51","slug":"oulun-sarjakuvakeskus-siirtyy-kesatauolle","status":"publish","type":"post","link":"https:\/\/www.oulucomics.com\/en_US\/2015\/06\/16\/oulun-sarjakuvakeskus-siirtyy-kesatauolle\/","title":{"rendered":"Oulun Sarjakuvakeskus siirtyy kes\u00e4tauolle"},"content":{"rendered":"<p>Oulun Sarjakuvakeskus kiitt\u00e4\u00e4 kaikkia k\u00e4vij\u00f6it\u00e4 ja sarjakuvan yst\u00e4vi\u00e4 kuluneesta talvesta. 17.6. olemme auki viel\u00e4 klo 19:00 asti, mutta sitten siirrymme kes\u00e4laitumille. Keskuksen toimisto on sopimuksen mukaan auki 2.7. asti ja hein\u00e4kuussakin keskuksella voi osallistua esimerkiksi remonttitalkoisiin. Keskus aukaisee ovensa suurelle yleis\u00f6lle j\u00e4lleen 4.8. klo 11:00. Tervetuloa!<\/p>\n<p>Hyv\u00e4\u00e4 ja aurinkoista kes\u00e4\u00e4 toivottaa Oulun Sarjakuvakeskuksen poppoo!<\/p>\n","protected":false},"excerpt":{"rendered":"<p>&#8230;<\/p>\n","protected":false},"author":1,"featured_media":0,"comment_status":"closed","ping_status":"closed","sticky":false,"template":"","format":"standard","meta":{"footnotes":""},"categories":[1],"tags":[],"class_list":["post-650","post","type-post","status-publish","format-standard","hentry","category-yleinen"],"_links":{"self":[{"href":"https:\/\/www.oulucomics.com\/en_US\/wp-json\/wp\/v2\/posts\/650","targetHints":{"allow":["GET"]}}],"collection":[{"href":"https:\/\/www.oulucomics.com\/en_US\/wp-json\/wp\/v2\/posts"}],"about":[{"href":"https:\/\/www.oulucomics.com\/en_US\/wp-json\/wp\/v2\/types\/post"}],"author":[{"embeddable":true,"href":"https:\/\/www.oulucomics.com\/en_US\/wp-json\/wp\/v2\/users\/1"}],"replies":[{"embeddable":true,"href":"https:\/\/www.oulucomics.com\/en_US\/wp-json\/wp\/v2\/comments?post=650"}],"version-history":[{"count":0,"href":"https:\/\/www.oulucomics.com\/en_US\/wp-json\/wp\/v2\/posts\/650\/revisions"}],"wp:attachment":[{"href":"https:\/\/www.oulucomics.com\/en_US\/wp-json\/wp\/v2\/media?parent=650"}],"wp:term":[{"taxonomy":"category","embeddable":true,"href":"https:\/\/www.oulucomics.com\/en_US\/wp-json\/wp\/v2\/categories?post=650"},{"taxonomy":"post_tag","embeddable":true,"href":"https:\/\/www.oulucomics.com\/en_US\/wp-json\/wp\/v2\/tags?post=650"}],"curies":[{"name":"wp","href":"https:\/\/api.w.org\/{rel}","templated":true}]}}