{"id":1857,"date":"2014-01-09T13:03:16","date_gmt":"2014-01-09T13:03:16","guid":{"rendered":"http:\/\/www.oulucomics.com\/keskus\/?p=89"},"modified":"2014-01-09T13:03:16","modified_gmt":"2014-01-09T13:03:16","slug":"hetki-ennen-h-hetkea","status":"publish","type":"post","link":"https:\/\/www.oulucomics.com\/en_US\/2014\/01\/09\/hetki-ennen-h-hetkea\/","title":{"rendered":"Hetki ennen H-hetke\u00e4"},"content":{"rendered":"<p>Oulun Sarjakuvakeskus on vallannut oman sopukkansa Kulttuuritalo Valveen ensimm\u00e4isest\u00e4 kerroksesta, aivan galleriatilojen vierest\u00e4. Todistettavasti 16 neli\u00f6metriin mahtuu ainakin piirt\u00e4mistila, kokoushuone, kirjasto, kirjakauppa, arkisto, toimisto, kahvinkeittonurkka sek\u00e4 olohuone.<\/p>\n<p>Keskuksen yleishenkil\u00f6 Jantusena (parempia titteliehdotuksia otetaan vastaan) toimii alkuvuonna Tarja Longi-Korpua. H\u00e4nell\u00e4 on takataskussaan filosofian maisterin paperit kirjallisuuden alalta, mutta sarjakuva taidemuotona, kirjallisuudenlajina ja kulttuuri-ilmi\u00f6n\u00e4 on h\u00e4nelle kutkuttavan uusi ja j\u00e4nnitt\u00e4v\u00e4 juttu. (7-vuotiaana Tarja k\u00e4sikirjoitti ja piirsi sarjakuvaa pitk\u00e4k\u00e4rs\u00e4isest\u00e4 Mikko-possusta. Lehden lukijakuntaan kuului tekij\u00e4n lis\u00e4ksi t\u00e4m\u00e4n vanhemmat.)<\/p>\n<p>Sarjakuvakeskuksen kirjahyllyt ovat kohta j\u00e4rjestyksess\u00e4, sohva paikoillaan ja vieraskirja valmiina taltioimaan k\u00e4vij\u00f6iden terveisi\u00e4. Avajaisn\u00e4yttelyit\u00e4 niin Sarjakuvagalleria!:ssa kuin Valveen gallerioissa ja ravintolassa ripustetaan parhaillaan. Ilmassa on uuden aikakauden tuntu, sill\u00e4 t\u00e4llaista sarjakuvakeskittym\u00e4\u00e4 ei n\u00e4ill\u00e4 seuduilla ole ennen tavattu.<\/p>\n<p>Tervetuloa avajaisiin katsomaan, milt\u00e4 n\u00e4ytt\u00e4\u00e4 toteen tullut haave: pohjoisen Suomen sarjakuvamaailman monitoimikeskus, jonka tilat ehk\u00e4 ovat kompaktit, mutta syd\u00e4n sit\u00e4kin laajempi.<\/p>\n<p><img decoding=\"async\" alt=\"Sarjakuvaseuran puheenjohtaja Harri ripustaa, Tarja k\u00e4ytt\u00e4\u00e4 vatupassikatsetta.\" src=\"http:\/\/www.oulucomics.com\/keskus\/wp-content\/uploads\/2014\/01\/DSC04693.jpg\" \/><br \/>\nSarjakuvaseuran puheenjohtaja Harri ripustaa, Tarja k\u00e4ytt\u00e4\u00e4 vatupassikatsetta.<\/p>\n","protected":false},"excerpt":{"rendered":"<p>&#8230;<\/p>\n","protected":false},"author":1,"featured_media":0,"comment_status":"closed","ping_status":"open","sticky":false,"template":"","format":"standard","meta":{"footnotes":""},"categories":[1],"tags":[],"class_list":["post-1857","post","type-post","status-publish","format-standard","hentry","category-yleinen"],"_links":{"self":[{"href":"https:\/\/www.oulucomics.com\/en_US\/wp-json\/wp\/v2\/posts\/1857","targetHints":{"allow":["GET"]}}],"collection":[{"href":"https:\/\/www.oulucomics.com\/en_US\/wp-json\/wp\/v2\/posts"}],"about":[{"href":"https:\/\/www.oulucomics.com\/en_US\/wp-json\/wp\/v2\/types\/post"}],"author":[{"embeddable":true,"href":"https:\/\/www.oulucomics.com\/en_US\/wp-json\/wp\/v2\/users\/1"}],"replies":[{"embeddable":true,"href":"https:\/\/www.oulucomics.com\/en_US\/wp-json\/wp\/v2\/comments?post=1857"}],"version-history":[{"count":0,"href":"https:\/\/www.oulucomics.com\/en_US\/wp-json\/wp\/v2\/posts\/1857\/revisions"}],"wp:attachment":[{"href":"https:\/\/www.oulucomics.com\/en_US\/wp-json\/wp\/v2\/media?parent=1857"}],"wp:term":[{"taxonomy":"category","embeddable":true,"href":"https:\/\/www.oulucomics.com\/en_US\/wp-json\/wp\/v2\/categories?post=1857"},{"taxonomy":"post_tag","embeddable":true,"href":"https:\/\/www.oulucomics.com\/en_US\/wp-json\/wp\/v2\/tags?post=1857"}],"curies":[{"name":"wp","href":"https:\/\/api.w.org\/{rel}","templated":true}]}}